{"id":52803,"date":"2019-03-17T15:55:53","date_gmt":"2019-03-17T14:55:53","guid":{"rendered":"https:\/\/mixedbymarcmozart.com\/?p=52803"},"modified":"2019-04-16T11:42:30","modified_gmt":"2019-04-16T09:42:30","slug":"musikmesse-plaza-2019-podcast-mit-tanzverbot-und-vincent-lee","status":"publish","type":"post","link":"https:\/\/mixedbymarcmozart.com\/fr\/2019\/03\/17\/musikmesse-plaza-2019-podcast-mit-tanzverbot-und-vincent-lee\/","title":{"rendered":"[ Musikmesse Plaza 2019 ] Podcast mit Tanzverbot und Vincent Lee"},"content":{"rendered":"<div class=\"wpb-content-wrapper\"><p>[vc_row][vc_column]<div id=\"ultimate-heading-650869ef20c81ff8e\" class=\"uvc-heading ult-adjust-bottom-margin ultimate-heading-650869ef20c81ff8e uvc-674  uvc-heading-default-font-sizes\" data-hspacer=\"no_spacer\"  data-halign=\"center\" style=\"text-align:center\"><div class=\"uvc-heading-spacer no_spacer\" style=\"top\"><\/div><div class=\"uvc-main-heading ult-responsive\"  data-ultimate-target='.uvc-heading.ultimate-heading-650869ef20c81ff8e h1'  data-responsive-json-new='{\"font-size\":\"\",\"line-height\":\"\"}' ><h1 style=\"--font-weight:theme;\">Studio-Fr\u00fchst\u00fcck Podcast LIVE auf der Musikmesse Plaza<\/h1><\/div><div class=\"uvc-sub-heading ult-responsive\"  data-ultimate-target='.uvc-heading.ultimate-heading-650869ef20c81ff8e .uvc-sub-heading '  data-responsive-json-new='{\"font-size\":\"\",\"line-height\":\"\"}'  style=\"font-weight:normal;\"><br \/>\n<\/div><\/div>[\/vc_column][\/vc_row][vc_row][vc_column][vc_column_text]<\/p>\n<p>Am 6. April 2019 gibt&rsquo;s unseren Studio-Fr\u00fchst\u00fcck Podcast LIVE auf der Musikmesse Plaza im Congress Center Messe Frankfurt.<br \/>\nAb 12 Uhr startet unser Programm und meine G\u00e4ste sind unter anderem YouTuber und LIve Streamer TANZVERBOT und Music Producer VINCENT LEE &#8211; ich freu mich auf das Event und hoffe viele von Euch in Frankfurt zu treffen.<\/p>\n<p>[\/vc_column_text][\/vc_column][\/vc_row][vc_row][vc_column]<div id=\"ultimate-heading-738969ef20c81ffed\" class=\"uvc-heading ult-adjust-bottom-margin ultimate-heading-738969ef20c81ffed uvc-2218  uvc-heading-default-font-sizes\" data-hspacer=\"no_spacer\"  data-halign=\"center\" style=\"text-align:center\"><div class=\"uvc-heading-spacer no_spacer\" style=\"top\"><\/div><div class=\"uvc-main-heading ult-responsive\"  data-ultimate-target='.uvc-heading.ultimate-heading-738969ef20c81ffed h1'  data-responsive-json-new='{\"font-size\":\"\",\"line-height\":\"\"}' ><h1 style=\"--font-weight:theme;\">Wann und Wo?<\/h1><\/div><div class=\"uvc-sub-heading ult-responsive\"  data-ultimate-target='.uvc-heading.ultimate-heading-738969ef20c81ffed .uvc-sub-heading '  data-responsive-json-new='{\"font-size\":\"\",\"line-height\":\"\"}'  style=\"font-weight:normal;\"><br \/>\n<\/div><\/div>[\/vc_column][\/vc_row][vc_row][vc_column][vc_column_text]Ganz wichtig: die Musikmesse Plaza findet am Tag NACH der eigentlichen Musikmesse statt und zwar am:<\/p>\n<p><strong>Samstag, den 6. April 2019 von 10 &#8211; 18 Uhr<\/strong><\/p>\n<p>Neben unserem LIVE Podcast gibt es an diesem Tag noch viele andere Events f\u00fcr Musikliebhaber! Instrumente und Zubeh\u00f6r testen und kaufen, Live-Musik und Stars erleben, Vintage-Instrumente und Rarit\u00e4ten entdecken, Streetfood-Festival genie\u00dfen, Schallplatten- &amp; CDs kaufen und tauschen, Instrumente f\u00fcr Kinder und Einsteiger ausprobieren und vieles mehr.<\/p>\n<p>Das Event ist \u00fcber mehrere Hallen verteilt. Unser Podcast startet um 12 Uhr im Congress Center.<\/p>\n<p><a href=\"https:\/\/musikmesse-plaza.messefrankfurt.com\/content\/dam\/messefrankfurt-redaktion\/Musikmesse-plaza\/2019\/plan\/MM-plaza_plan.PDF\" target=\"_blank\" rel=\"noopener\">DOWNLOAD GEL\u00c4NDEPLAN<\/a><\/p>\n<p>[\/vc_column_text][\/vc_column][\/vc_row][vc_row][vc_column]<div id=\"ultimate-heading-847469ef20c820032\" class=\"uvc-heading ult-adjust-bottom-margin ultimate-heading-847469ef20c820032 uvc-6739  uvc-heading-default-font-sizes\" data-hspacer=\"no_spacer\"  data-halign=\"center\" style=\"text-align:center\"><div class=\"uvc-heading-spacer no_spacer\" style=\"top\"><\/div><div class=\"uvc-main-heading ult-responsive\"  data-ultimate-target='.uvc-heading.ultimate-heading-847469ef20c820032 h1'  data-responsive-json-new='{\"font-size\":\"\",\"line-height\":\"\"}' ><h1 style=\"--font-weight:theme;\">Tickets<\/h1><\/div><div class=\"uvc-sub-heading ult-responsive\"  data-ultimate-target='.uvc-heading.ultimate-heading-847469ef20c820032 .uvc-sub-heading '  data-responsive-json-new='{\"font-size\":\"\",\"line-height\":\"\"}'  style=\"font-weight:normal;\"><br \/>\n<\/div><\/div>[\/vc_column][\/vc_row][vc_row][vc_column][vc_column_text]Tickets f\u00fcr die Musikmesse Plaza am Samstag kosten nur 5 Euro! Die Anreise mit dem RMV ist im Preis enthalten.<\/p>\n<p><a href=\"https:\/\/visitortickets.messefrankfurt.com\/ticket\/de\/ticket_select.html\" target=\"_blank\" rel=\"noopener\">TICKETS F\u00dcR DIE MUSIKMESSE PLAZA<\/a><\/p>\n<p>Wer ohnehin die Musikmesse vom 02. &#8211; 05. April besucht, f\u00fcr den ist das Ticket zur Musikmesse Plaza schon im Preis enthalten.<\/p>\n<p><a href=\"https:\/\/visitortickets.messefrankfurt.com\/ticket\/de\/ticket_select.html?reset_remove_personalized_tickets=true&amp;_appshop=mf_tap20160620_707\" target=\"_blank\" rel=\"noopener\">TICKETS F\u00dcR DIE MUSIKMESSE<\/a>[\/vc_column_text][\/vc_column][\/vc_row][vc_row][vc_column]<div id=\"ultimate-heading-403069ef20c820066\" class=\"uvc-heading ult-adjust-bottom-margin ultimate-heading-403069ef20c820066 uvc-2696  uvc-heading-default-font-sizes\" data-hspacer=\"no_spacer\"  data-halign=\"center\" style=\"text-align:center\"><div class=\"uvc-heading-spacer no_spacer\" style=\"top\"><\/div><div class=\"uvc-main-heading ult-responsive\"  data-ultimate-target='.uvc-heading.ultimate-heading-403069ef20c820066 h1'  data-responsive-json-new='{\"font-size\":\"\",\"line-height\":\"\"}' ><h1 style=\"--font-weight:theme;\">YouTuber und Instagram-Stars auf der Musikmesse Plaza<\/h1><\/div><div class=\"uvc-sub-heading ult-responsive\"  data-ultimate-target='.uvc-heading.ultimate-heading-403069ef20c820066 .uvc-sub-heading '  data-responsive-json-new='{\"font-size\":\"\",\"line-height\":\"\"}'  style=\"font-weight:normal;\"><br \/>\n<\/div><\/div>[\/vc_column][\/vc_row]<\/p>\n<\/div>","protected":false},"excerpt":{"rendered":"<p>[vc_row][vc_column][\/vc_column][\/vc_row][vc_row][vc_column][vc_column_text] Am 6. April 2019 gibt&rsquo;s unseren Studio-Fr\u00fchst\u00fcck Podcast LIVE auf der Musikmesse Plaza im Congress Center Messe Frankfurt. Ab 12 Uhr startet unser Programm und meine G\u00e4ste sind unter anderem YouTuber und LIve Streamer TANZVERBOT und Music Producer VINCENT LEE &#8211; ich freu mich auf das Event und hoffe viele von Euch in Frankfurt&hellip;<\/p>\n","protected":false},"author":1,"featured_media":53781,"comment_status":"closed","ping_status":"closed","sticky":false,"template":"","format":"standard","meta":{"footnotes":""},"categories":[1],"tags":[],"class_list":["post-52803","post","type-post","status-publish","format-standard","has-post-thumbnail","hentry","category-uncategorized","category-1","description-off"],"yoast_head":"<!-- This site is optimized with the Yoast SEO plugin v27.4 - https:\/\/yoast.com\/product\/yoast-seo-wordpress\/ -->\n<title>[ Musikmesse Plaza 2019 ] Podcast mit Tanzverbot und Vincent Lee - Mixed by Marc Mozart<\/title>\n<meta name=\"robots\" content=\"index, follow, max-snippet:-1, max-image-preview:large, max-video-preview:-1\" \/>\n<link rel=\"canonical\" href=\"https:\/\/mixedbymarcmozart.com\/2019\/03\/17\/musikmesse-plaza-2019-podcast-mit-tanzverbot-und-vincent-lee\/\" \/>\n<script type=\"application\/ld+json\" class=\"yoast-schema-graph\">{\"@context\":\"https:\\\/\\\/schema.org\",\"@graph\":[{\"@type\":\"Article\",\"@id\":\"https:\\\/\\\/mixedbymarcmozart.com\\\/2019\\\/03\\\/17\\\/musikmesse-plaza-2019-podcast-mit-tanzverbot-und-vincent-lee\\\/#article\",\"isPartOf\":{\"@id\":\"https:\\\/\\\/mixedbymarcmozart.com\\\/2019\\\/03\\\/17\\\/musikmesse-plaza-2019-podcast-mit-tanzverbot-und-vincent-lee\\\/\"},\"author\":{\"name\":\"marcmozart\",\"@id\":\"https:\\\/\\\/mixedbymarcmozart.com\\\/#\\\/schema\\\/person\\\/3da9b6253db05a5664aeee78478e6343\"},\"headline\":\"[ Musikmesse Plaza 2019 ] Podcast mit Tanzverbot und Vincent Lee\",\"datePublished\":\"2019-03-17T14:55:53+00:00\",\"dateModified\":\"2019-04-16T09:42:30+00:00\",\"mainEntityOfPage\":{\"@id\":\"https:\\\/\\\/mixedbymarcmozart.com\\\/2019\\\/03\\\/17\\\/musikmesse-plaza-2019-podcast-mit-tanzverbot-und-vincent-lee\\\/\"},\"wordCount\":341,\"image\":{\"@id\":\"https:\\\/\\\/mixedbymarcmozart.com\\\/2019\\\/03\\\/17\\\/musikmesse-plaza-2019-podcast-mit-tanzverbot-und-vincent-lee\\\/#primaryimage\"},\"thumbnailUrl\":\"https:\\\/\\\/mixedbymarcmozart.cdnport.com\\\/2022\\\/04\\\/p7cd8MKD-Tanzi-Vincent.jpg\",\"articleSection\":[\"Uncategorized\"],\"inLanguage\":\"fr-FR\"},{\"@type\":\"WebPage\",\"@id\":\"https:\\\/\\\/mixedbymarcmozart.com\\\/2019\\\/03\\\/17\\\/musikmesse-plaza-2019-podcast-mit-tanzverbot-und-vincent-lee\\\/\",\"url\":\"https:\\\/\\\/mixedbymarcmozart.com\\\/2019\\\/03\\\/17\\\/musikmesse-plaza-2019-podcast-mit-tanzverbot-und-vincent-lee\\\/\",\"name\":\"[ Musikmesse Plaza 2019 ] Podcast mit Tanzverbot und Vincent Lee - Mixed by Marc Mozart\",\"isPartOf\":{\"@id\":\"https:\\\/\\\/mixedbymarcmozart.com\\\/#website\"},\"primaryImageOfPage\":{\"@id\":\"https:\\\/\\\/mixedbymarcmozart.com\\\/2019\\\/03\\\/17\\\/musikmesse-plaza-2019-podcast-mit-tanzverbot-und-vincent-lee\\\/#primaryimage\"},\"image\":{\"@id\":\"https:\\\/\\\/mixedbymarcmozart.com\\\/2019\\\/03\\\/17\\\/musikmesse-plaza-2019-podcast-mit-tanzverbot-und-vincent-lee\\\/#primaryimage\"},\"thumbnailUrl\":\"https:\\\/\\\/mixedbymarcmozart.cdnport.com\\\/2022\\\/04\\\/p7cd8MKD-Tanzi-Vincent.jpg\",\"datePublished\":\"2019-03-17T14:55:53+00:00\",\"dateModified\":\"2019-04-16T09:42:30+00:00\",\"author\":{\"@id\":\"https:\\\/\\\/mixedbymarcmozart.com\\\/#\\\/schema\\\/person\\\/3da9b6253db05a5664aeee78478e6343\"},\"breadcrumb\":{\"@id\":\"https:\\\/\\\/mixedbymarcmozart.com\\\/2019\\\/03\\\/17\\\/musikmesse-plaza-2019-podcast-mit-tanzverbot-und-vincent-lee\\\/#breadcrumb\"},\"inLanguage\":\"fr-FR\",\"potentialAction\":[{\"@type\":\"ReadAction\",\"target\":[\"https:\\\/\\\/mixedbymarcmozart.com\\\/2019\\\/03\\\/17\\\/musikmesse-plaza-2019-podcast-mit-tanzverbot-und-vincent-lee\\\/\"]}]},{\"@type\":\"ImageObject\",\"inLanguage\":\"fr-FR\",\"@id\":\"https:\\\/\\\/mixedbymarcmozart.com\\\/2019\\\/03\\\/17\\\/musikmesse-plaza-2019-podcast-mit-tanzverbot-und-vincent-lee\\\/#primaryimage\",\"url\":\"https:\\\/\\\/mixedbymarcmozart.cdnport.com\\\/2022\\\/04\\\/p7cd8MKD-Tanzi-Vincent.jpg\",\"contentUrl\":\"https:\\\/\\\/mixedbymarcmozart.cdnport.com\\\/2022\\\/04\\\/p7cd8MKD-Tanzi-Vincent.jpg\",\"width\":1920,\"height\":1080},{\"@type\":\"BreadcrumbList\",\"@id\":\"https:\\\/\\\/mixedbymarcmozart.com\\\/2019\\\/03\\\/17\\\/musikmesse-plaza-2019-podcast-mit-tanzverbot-und-vincent-lee\\\/#breadcrumb\",\"itemListElement\":[{\"@type\":\"ListItem\",\"position\":1,\"name\":\"Home\",\"item\":\"https:\\\/\\\/mixedbymarcmozart.com\\\/fr\\\/\"},{\"@type\":\"ListItem\",\"position\":2,\"name\":\"[ Musikmesse Plaza 2019 ] Podcast mit Tanzverbot und Vincent Lee\"}]},{\"@type\":\"WebSite\",\"@id\":\"https:\\\/\\\/mixedbymarcmozart.com\\\/#website\",\"url\":\"https:\\\/\\\/mixedbymarcmozart.com\\\/\",\"name\":\"Mixed by Marc Mozart\",\"description\":\"YOUR MIX SUCKS \u2022 MIX TEMPLE \u2022 MASTER FEEDBACK\",\"potentialAction\":[{\"@type\":\"SearchAction\",\"target\":{\"@type\":\"EntryPoint\",\"urlTemplate\":\"https:\\\/\\\/mixedbymarcmozart.com\\\/?s={search_term_string}\"},\"query-input\":{\"@type\":\"PropertyValueSpecification\",\"valueRequired\":true,\"valueName\":\"search_term_string\"}}],\"inLanguage\":\"fr-FR\"},{\"@type\":\"Person\",\"@id\":\"https:\\\/\\\/mixedbymarcmozart.com\\\/#\\\/schema\\\/person\\\/3da9b6253db05a5664aeee78478e6343\",\"name\":\"marcmozart\",\"image\":{\"@type\":\"ImageObject\",\"inLanguage\":\"fr-FR\",\"@id\":\"https:\\\/\\\/secure.gravatar.com\\\/avatar\\\/8871e93da69c4726421e2d0439501d87e373c4e5d8f969a4ad1754f9cb3d8a4b?s=96&d=mm&r=g\",\"url\":\"https:\\\/\\\/secure.gravatar.com\\\/avatar\\\/8871e93da69c4726421e2d0439501d87e373c4e5d8f969a4ad1754f9cb3d8a4b?s=96&d=mm&r=g\",\"contentUrl\":\"https:\\\/\\\/secure.gravatar.com\\\/avatar\\\/8871e93da69c4726421e2d0439501d87e373c4e5d8f969a4ad1754f9cb3d8a4b?s=96&d=mm&r=g\",\"caption\":\"marcmozart\"},\"sameAs\":[\"https:\\\/\\\/x.com\\\/@marcmozartmixes\"]}]}<\/script>\n<!-- \/ Yoast SEO plugin. -->","yoast_head_json":{"title":"[ Musikmesse Plaza 2019 ] Podcast mit Tanzverbot und Vincent Lee - Mixed by Marc Mozart","robots":{"index":"index","follow":"follow","max-snippet":"max-snippet:-1","max-image-preview":"max-image-preview:large","max-video-preview":"max-video-preview:-1"},"canonical":"https:\/\/mixedbymarcmozart.com\/2019\/03\/17\/musikmesse-plaza-2019-podcast-mit-tanzverbot-und-vincent-lee\/","schema":{"@context":"https:\/\/schema.org","@graph":[{"@type":"Article","@id":"https:\/\/mixedbymarcmozart.com\/2019\/03\/17\/musikmesse-plaza-2019-podcast-mit-tanzverbot-und-vincent-lee\/#article","isPartOf":{"@id":"https:\/\/mixedbymarcmozart.com\/2019\/03\/17\/musikmesse-plaza-2019-podcast-mit-tanzverbot-und-vincent-lee\/"},"author":{"name":"marcmozart","@id":"https:\/\/mixedbymarcmozart.com\/#\/schema\/person\/3da9b6253db05a5664aeee78478e6343"},"headline":"[ Musikmesse Plaza 2019 ] Podcast mit Tanzverbot und Vincent Lee","datePublished":"2019-03-17T14:55:53+00:00","dateModified":"2019-04-16T09:42:30+00:00","mainEntityOfPage":{"@id":"https:\/\/mixedbymarcmozart.com\/2019\/03\/17\/musikmesse-plaza-2019-podcast-mit-tanzverbot-und-vincent-lee\/"},"wordCount":341,"image":{"@id":"https:\/\/mixedbymarcmozart.com\/2019\/03\/17\/musikmesse-plaza-2019-podcast-mit-tanzverbot-und-vincent-lee\/#primaryimage"},"thumbnailUrl":"https:\/\/mixedbymarcmozart.cdnport.com\/2022\/04\/p7cd8MKD-Tanzi-Vincent.jpg","articleSection":["Uncategorized"],"inLanguage":"fr-FR"},{"@type":"WebPage","@id":"https:\/\/mixedbymarcmozart.com\/2019\/03\/17\/musikmesse-plaza-2019-podcast-mit-tanzverbot-und-vincent-lee\/","url":"https:\/\/mixedbymarcmozart.com\/2019\/03\/17\/musikmesse-plaza-2019-podcast-mit-tanzverbot-und-vincent-lee\/","name":"[ Musikmesse Plaza 2019 ] Podcast mit Tanzverbot und Vincent Lee - Mixed by Marc Mozart","isPartOf":{"@id":"https:\/\/mixedbymarcmozart.com\/#website"},"primaryImageOfPage":{"@id":"https:\/\/mixedbymarcmozart.com\/2019\/03\/17\/musikmesse-plaza-2019-podcast-mit-tanzverbot-und-vincent-lee\/#primaryimage"},"image":{"@id":"https:\/\/mixedbymarcmozart.com\/2019\/03\/17\/musikmesse-plaza-2019-podcast-mit-tanzverbot-und-vincent-lee\/#primaryimage"},"thumbnailUrl":"https:\/\/mixedbymarcmozart.cdnport.com\/2022\/04\/p7cd8MKD-Tanzi-Vincent.jpg","datePublished":"2019-03-17T14:55:53+00:00","dateModified":"2019-04-16T09:42:30+00:00","author":{"@id":"https:\/\/mixedbymarcmozart.com\/#\/schema\/person\/3da9b6253db05a5664aeee78478e6343"},"breadcrumb":{"@id":"https:\/\/mixedbymarcmozart.com\/2019\/03\/17\/musikmesse-plaza-2019-podcast-mit-tanzverbot-und-vincent-lee\/#breadcrumb"},"inLanguage":"fr-FR","potentialAction":[{"@type":"ReadAction","target":["https:\/\/mixedbymarcmozart.com\/2019\/03\/17\/musikmesse-plaza-2019-podcast-mit-tanzverbot-und-vincent-lee\/"]}]},{"@type":"ImageObject","inLanguage":"fr-FR","@id":"https:\/\/mixedbymarcmozart.com\/2019\/03\/17\/musikmesse-plaza-2019-podcast-mit-tanzverbot-und-vincent-lee\/#primaryimage","url":"https:\/\/mixedbymarcmozart.cdnport.com\/2022\/04\/p7cd8MKD-Tanzi-Vincent.jpg","contentUrl":"https:\/\/mixedbymarcmozart.cdnport.com\/2022\/04\/p7cd8MKD-Tanzi-Vincent.jpg","width":1920,"height":1080},{"@type":"BreadcrumbList","@id":"https:\/\/mixedbymarcmozart.com\/2019\/03\/17\/musikmesse-plaza-2019-podcast-mit-tanzverbot-und-vincent-lee\/#breadcrumb","itemListElement":[{"@type":"ListItem","position":1,"name":"Home","item":"https:\/\/mixedbymarcmozart.com\/fr\/"},{"@type":"ListItem","position":2,"name":"[ Musikmesse Plaza 2019 ] Podcast mit Tanzverbot und Vincent Lee"}]},{"@type":"WebSite","@id":"https:\/\/mixedbymarcmozart.com\/#website","url":"https:\/\/mixedbymarcmozart.com\/","name":"Mixed by Marc Mozart","description":"YOUR MIX SUCKS \u2022 MIX TEMPLE \u2022 MASTER FEEDBACK","potentialAction":[{"@type":"SearchAction","target":{"@type":"EntryPoint","urlTemplate":"https:\/\/mixedbymarcmozart.com\/?s={search_term_string}"},"query-input":{"@type":"PropertyValueSpecification","valueRequired":true,"valueName":"search_term_string"}}],"inLanguage":"fr-FR"},{"@type":"Person","@id":"https:\/\/mixedbymarcmozart.com\/#\/schema\/person\/3da9b6253db05a5664aeee78478e6343","name":"marcmozart","image":{"@type":"ImageObject","inLanguage":"fr-FR","@id":"https:\/\/secure.gravatar.com\/avatar\/8871e93da69c4726421e2d0439501d87e373c4e5d8f969a4ad1754f9cb3d8a4b?s=96&d=mm&r=g","url":"https:\/\/secure.gravatar.com\/avatar\/8871e93da69c4726421e2d0439501d87e373c4e5d8f969a4ad1754f9cb3d8a4b?s=96&d=mm&r=g","contentUrl":"https:\/\/secure.gravatar.com\/avatar\/8871e93da69c4726421e2d0439501d87e373c4e5d8f969a4ad1754f9cb3d8a4b?s=96&d=mm&r=g","caption":"marcmozart"},"sameAs":["https:\/\/x.com\/@marcmozartmixes"]}]}},"_links":{"self":[{"href":"https:\/\/mixedbymarcmozart.com\/fr\/wp-json\/wp\/v2\/posts\/52803","targetHints":{"allow":["GET"]}}],"collection":[{"href":"https:\/\/mixedbymarcmozart.com\/fr\/wp-json\/wp\/v2\/posts"}],"about":[{"href":"https:\/\/mixedbymarcmozart.com\/fr\/wp-json\/wp\/v2\/types\/post"}],"author":[{"embeddable":true,"href":"https:\/\/mixedbymarcmozart.com\/fr\/wp-json\/wp\/v2\/users\/1"}],"replies":[{"embeddable":true,"href":"https:\/\/mixedbymarcmozart.com\/fr\/wp-json\/wp\/v2\/comments?post=52803"}],"version-history":[{"count":0,"href":"https:\/\/mixedbymarcmozart.com\/fr\/wp-json\/wp\/v2\/posts\/52803\/revisions"}],"wp:featuredmedia":[{"embeddable":true,"href":"https:\/\/mixedbymarcmozart.com\/fr\/wp-json\/wp\/v2\/media\/53781"}],"wp:attachment":[{"href":"https:\/\/mixedbymarcmozart.com\/fr\/wp-json\/wp\/v2\/media?parent=52803"}],"wp:term":[{"taxonomy":"category","embeddable":true,"href":"https:\/\/mixedbymarcmozart.com\/fr\/wp-json\/wp\/v2\/categories?post=52803"},{"taxonomy":"post_tag","embeddable":true,"href":"https:\/\/mixedbymarcmozart.com\/fr\/wp-json\/wp\/v2\/tags?post=52803"}],"curies":[{"name":"wp","href":"https:\/\/api.w.org\/{rel}","templated":true}]}}